{"id":4074,"date":"2024-11-14T15:39:21","date_gmt":"2024-11-14T14:39:21","guid":{"rendered":"https:\/\/apiaforautism.org\/?p=4074"},"modified":"2024-11-18T10:04:47","modified_gmt":"2024-11-18T09:04:47","slug":"primer-ano-de-trabajo-del-proyecto-europeo-apia-alimentacion-y-autismo","status":"publish","type":"post","link":"https:\/\/apiaforautism.org\/es\/primer-ano-de-trabajo-del-proyecto-europeo-apia-alimentacion-y-autismo\/","title":{"rendered":"Primer a\u00f1o de trabajo del proyecto europeo \u201cAPIA. Alimentaci\u00f3n y autismo\u201d"},"content":{"rendered":"<div id=\"field_pow1b03486e547e42f2\" class=\"container-fluid px-0 flexible_section block_columns\">\n <div id=\"field_pow1b03486e547e42f2_inner\" class=\"container flexible_section_inner\">\n\n   <div class=\"row flexible_section_content\">\n\n   <div class=\"col-sm-12 colonne colonne1\">\n    <div class=\"colonne_inner  text-left\">\n<h3>Noticias<\/h3>\n<h1>Primer a\u00f1o del proyecto APIA para el autismo<\/h1>\n    <\/div>\n   <\/div>\n  <\/div>\n\n <\/div>\n<\/div>\n\n\n<div id=\"field_pow_67052c67cb695\" class=\"container-fluid px-0 flexible_section block_columns\">\n <div id=\"field_pow_67052c67cb695_inner\" class=\"container flexible_section_inner\">\n\n   <div class=\"row flexible_section_content\">\n\n   <div class=\"col-sm-12 colonne colonne1\">\n    <div class=\"colonne_inner  text-left\">\n<p>El proyecto APIA para el autismo se puso en marcha el 31 de diciembre de 2023 y tendr\u00e1 una duraci\u00f3n de 36 meses, hasta el 31 de diciembre de 2026. Su principal objetivo es desarrollar herramientas para apoyar a los profesionales y familiares de adultos con autismo a trav\u00e9s de un enfoque adaptado de la nutrici\u00f3n, dirigido a promover su autonom\u00eda, inclusi\u00f3n social y bienestar.<\/p>\n<p>El proyecto re\u00fane a cinco organizaciones europeas asociadas: UNIZAR &#8211; Universidad de Zaragoza (Espa\u00f1a), CADIS Huesca (Espa\u00f1a), A18onlus Fondazione per l&#8217;autismo (Italia), Think tank PLS-Pour La Solidarit\u00e9 (B\u00e9lgica) y Les Insatiables (Francia). Estos socios colaboran en la creaci\u00f3n de herramientas te\u00f3ricas y pr\u00e1cticas sobre nutrici\u00f3n adaptada para adultos con autismo grave, centr\u00e1ndose tanto en los aspectos nutricionales como en los conductuales.<\/p>\n    <\/div>\n   <\/div>\n  <\/div>\n\n <\/div>\n<\/div>\n\n\n<div id=\"field_powba45741fbe764591\" class=\"container-fluid px-0 flexible_section block_columns\">\n <div id=\"field_powba45741fbe764591_inner\" class=\"container flexible_section_inner\">\n\n  <div class=\"row flexible_section_title_container\"><div class=\"col-12 flexible_section_title_col\"><h2 class=\"flexible_section_title mb-5 text-left  vert1 \">Hacia la elaboraci\u00f3n de una gu\u00eda te\u00f3rica y metodol\u00f3gica<\/h2><\/div><\/div>\n   <div class=\"row flexible_section_content\">\n\n   <div class=\"mb-3 mb-sm-0 col-sm-6 colonne colonne1\">\n    <div class=\"colonne_inner  text-left\">\n<p>El trabajo que se presenta a continuaci\u00f3n -revisi\u00f3n bibliogr\u00e1fica, an\u00e1lisis DELPHI y funcionales, encuestas cualitativas y cuantitativas- dar\u00e1 lugar a la creaci\u00f3n de dos productos complementarios.<\/p>\n<p>La gu\u00eda te\u00f3rica propondr\u00e1 recomendaciones pr\u00e1cticas, basadas en la evidencia, para mejorar el apoyo nutricional a los adultos con autismo, teniendo en cuenta sus caracter\u00edsticas sensoriales y comportamientos alimentarios espec\u00edficos.<\/p>\n<p>La gu\u00eda metodol\u00f3gica, por su parte, proporcionar\u00e1 a profesionales y cuidadores herramientas pr\u00e1cticas para incorporar estas recomendaciones a su pr\u00e1ctica diaria.<\/p>\n<p>Para llevar a buen puerto este ambicioso proyecto, el primer a\u00f1o, marcado por investigaciones, encuestas y an\u00e1lisis, servir\u00e1 de base te\u00f3rica para identificar las cuestiones clave y orientar las siguientes etapas de investigaci\u00f3n e intervenci\u00f3n.<\/p>\n    <\/div>\n   <\/div>\n   <div class=\"col-sm-6 colonne colonne2\">\n    <div class=\"colonne_inner text-center d-flex align-items-center justify-content-center\">\n    <div class=\"colonne_inner_sub \">\n<p><img loading=\"lazy\" decoding=\"async\" class=\"wp-image-4015 alignleft\" src=\"https:\/\/apiaforautism.org\/wp-content\/uploads\/2024\/11\/APIA_COLOURED_PILE_ILLU_RGB-89x300.png\" alt=\"\" width=\"112\" height=\"378\" srcset=\"https:\/\/apiaforautism.org\/wp-content\/uploads\/2024\/11\/APIA_COLOURED_PILE_ILLU_RGB-89x300.png 89w, https:\/\/apiaforautism.org\/wp-content\/uploads\/2024\/11\/APIA_COLOURED_PILE_ILLU_RGB-303x1024.png 303w, https:\/\/apiaforautism.org\/wp-content\/uploads\/2024\/11\/APIA_COLOURED_PILE_ILLU_RGB-455x1536.png 455w, https:\/\/apiaforautism.org\/wp-content\/uploads\/2024\/11\/APIA_COLOURED_PILE_ILLU_RGB.png 588w\" sizes=\"auto, (max-width: 112px) 100vw, 112px\" \/><\/p>\n    <\/div>\n    <\/div>\n   <\/div>\n  <\/div>\n\n <\/div>\n<\/div>\n\n\n<div id=\"field_pow575b5396acb64aa2\" class=\"container-fluid px-0 flexible_section block_columns\">\n <div id=\"field_pow575b5396acb64aa2_inner\" class=\"container flexible_section_inner\">\n\n  <div class=\"row flexible_section_title_container\"><div class=\"col-12 flexible_section_title_col\"><h2 class=\"flexible_section_title mb-5 text-left  vert1 \">Revisi\u00f3n bibliogr\u00e1fica: Identificaci\u00f3n del d\u00e9ficit de informaci\u00f3n nutricional en adultos con autismo<\/h2><\/div><\/div>\n   <div class=\"row flexible_section_content\">\n\n   <div class=\"mb-3 mb-sm-0 col-sm-6 colonne colonne1\">\n    <div class=\"colonne_inner  text-left\">\n<h3><span class=\"vert1\"><span class=\"TextRun SCXW64267301 BCX2\" lang=\"FR-FR\" xml:lang=\"FR-FR\"><span class=\"NormalTextRun SCXW64267301 BCX2\">Enero &#8211; Abril 2024<\/span><\/span><\/span><\/h3>\n<p>El objetivo de la revisi\u00f3n bibliogr\u00e1fica es identificar y analizar los datos existentes sobre la nutrici\u00f3n de las personas con autismo, en relaci\u00f3n con sus percepciones sensoriales, los trastornos alimentarios y las implicaciones para su salud f\u00edsica y psicol\u00f3gica. Las personas con autismo se enfrentan a menudo a retos nutricionales espec\u00edficos, relacionados en particular con hipersensibilidades o hiposensibilidades sensoriales que influyen en sus elecciones alimentarias. Los trastornos alimentarios, como la neofobia o la selectividad alimentaria, son preocupaciones frecuentes y pueden afectar a su bienestar general.<\/p>\n    <\/div>\n   <\/div>\n   <div class=\"col-sm-6 colonne colonne2\">\n    <div class=\"colonne_inner  text-left\">\n<p>Adem\u00e1s de estos aspectos, la revisi\u00f3n bibliogr\u00e1fica ofrece un inventario de datos sobre las necesidades nutricionales espec\u00edficas de las personas con autismo. Incluye un an\u00e1lisis de las dietas e intervenciones nutricionales que se han probado, as\u00ed como de sus resultados. Tambi\u00e9n se examinan los m\u00e9todos utilizados para aplicar estas dietas, lo que permite comprender los retos pr\u00e1cticos asociados a su aplicaci\u00f3n. La revisi\u00f3n muestra que faltan datos sobre adultos con autismo, especialmente en relaci\u00f3n con los tres \u00faltimos temas (v\u00e9anse los temas 5, 6 y 7 de la revisi\u00f3n bibliogr\u00e1fica), que abarcan las estrategias de intervenci\u00f3n diet\u00e9tica, las conductas alimentarias y la calidad de vida.<\/p>\n    <\/div>\n   <\/div>\n  <\/div>\n\n <\/div>\n<\/div>\n\n\n<div id=\"field_pow4471f0b8c6e84d41\" class=\"container-fluid px-0 flexible_section block_columns\">\n <div id=\"field_pow4471f0b8c6e84d41_inner\" class=\"container flexible_section_inner\">\n\n  <div class=\"row flexible_section_title_container\"><div class=\"col-12 flexible_section_title_col\"><h2 class=\"flexible_section_title mb-5 text-left  vert1 \">An\u00e1lisis DELPHI: Priorizaci\u00f3n de temas por los profesionales<\/h2><\/div><\/div>\n   <div class=\"row flexible_section_content\">\n\n   <div class=\"mb-3 mb-sm-0 col-sm-6 colonne colonne1\">\n    <div class=\"colonne_inner  text-left\">\n<h3><span class=\"vert1\"><span>Abril &#8211; agosto 2024<\/span><span>\u00a0<\/span><\/span><\/h3>\n<p>El an\u00e1lisis DELPHI, realizado conjuntamente por PLS y UNIZAR, consiste en consultar a profesionales de la salud para clasificar por orden de importancia los temas identificados en la revisi\u00f3n bibliogr\u00e1fica. Este enfoque permitir\u00e1 jerarquizar las prioridades en la herramienta te\u00f3rica, que reunir\u00e1 informaci\u00f3n sobre la alimentaci\u00f3n de las personas con autismo (temas de comportamiento y nutrici\u00f3n, consejos, soluciones, etc.) para apoyar a los profesionales y a los cuidadores familiares. Este enfoque iterativo permite llegar a un consenso entre los expertos, garantizando que las necesidades prioritarias se aborden en primer lugar.<\/p>\n    <\/div>\n   <\/div>\n   <div class=\"col-sm-6 colonne colonne2\">\n    <div class=\"colonne_inner text-left d-flex align-items-end justify-content-start\">\n    <div class=\"colonne_inner_sub \">\n<p><img loading=\"lazy\" decoding=\"async\" class=\"alignnone wp-image-4024\" src=\"https:\/\/apiaforautism.org\/wp-content\/uploads\/2024\/11\/APIA_BLEU_ILLU_01_RVB-276x300.png\" alt=\"\" width=\"164\" height=\"178\" srcset=\"https:\/\/apiaforautism.org\/wp-content\/uploads\/2024\/11\/APIA_BLEU_ILLU_01_RVB-276x300.png 276w, https:\/\/apiaforautism.org\/wp-content\/uploads\/2024\/11\/APIA_BLEU_ILLU_01_RVB-942x1024.png 942w, https:\/\/apiaforautism.org\/wp-content\/uploads\/2024\/11\/APIA_BLEU_ILLU_01_RVB-768x835.png 768w, https:\/\/apiaforautism.org\/wp-content\/uploads\/2024\/11\/APIA_BLEU_ILLU_01_RVB-1414x1536.png 1414w, https:\/\/apiaforautism.org\/wp-content\/uploads\/2024\/11\/APIA_BLEU_ILLU_01_RVB-1885x2048.png 1885w\" sizes=\"auto, (max-width: 164px) 100vw, 164px\" \/><\/p>\n    <\/div>\n    <\/div>\n   <\/div>\n  <\/div>\n\n <\/div>\n<\/div>\n\n\n<div id=\"field_pow9304251f1a7743d0\" class=\"container-fluid px-0 flexible_section block_columns\">\n <div id=\"field_pow9304251f1a7743d0_inner\" class=\"container flexible_section_inner\">\n\n  <div class=\"row flexible_section_title_container\"><div class=\"col-12 flexible_section_title_col\"><h2 class=\"flexible_section_title mb-5 text-left  vert1 \">Encuesta cualitativa: explorar las pr\u00e1cticas y necesidades de los profesionales y los cuidadores familiares<\/h2><\/div><\/div>\n   <div class=\"row flexible_section_content\">\n\n   <div class=\"mb-3 mb-sm-0 col-sm-6 colonne colonne1\">\n    <div class=\"colonne_inner  text-left\">\n<h3><span class=\"vert1\"><span>Abril &#8211; agosto 2024<\/span><span>\u00a0<\/span><\/span><\/h3>\n<p>La encuesta cualitativa, dirigida por PLS y difundida por el consorcio, es una herramienta clave para conocer en profundidad las pr\u00e1cticas actuales de alimentaci\u00f3n de las personas con autismo grave en la edad adulta. Su objetivo es entrevistar a profesionales y cuidadores familiares sobre c\u00f3mo gestionan la alimentaci\u00f3n y los retos a los que se enfrentan. El objetivo es explorar los temas 5, 6 y 7 de la revisi\u00f3n bibliogr\u00e1fica, relativos a las intervenciones diet\u00e9ticas, los alimentos a elegir para una dieta equilibrada y las estrategias para mejorar la calidad de vida de las personas con autismo. Los resultados de esta encuesta cualitativa se comparar\u00e1n despu\u00e9s con las tendencias identificadas en el an\u00e1lisis funcional, que se describe a continuaci\u00f3n.<\/p>\n    <\/div>\n   <\/div>\n   <div class=\"col-sm-6 colonne colonne2\">\n    <div class=\"colonne_inner  text-center\">\n<p><img loading=\"lazy\" decoding=\"async\" class=\"alignnone wp-image-4024\" src=\"https:\/\/apiaforautism.org\/wp-content\/uploads\/2024\/11\/APIA_BLEU_ILLU_01_RVB-276x300.png\" alt=\"\" width=\"54\" height=\"59\" srcset=\"https:\/\/apiaforautism.org\/wp-content\/uploads\/2024\/11\/APIA_BLEU_ILLU_01_RVB-276x300.png 276w, https:\/\/apiaforautism.org\/wp-content\/uploads\/2024\/11\/APIA_BLEU_ILLU_01_RVB-942x1024.png 942w, https:\/\/apiaforautism.org\/wp-content\/uploads\/2024\/11\/APIA_BLEU_ILLU_01_RVB-768x835.png 768w, https:\/\/apiaforautism.org\/wp-content\/uploads\/2024\/11\/APIA_BLEU_ILLU_01_RVB-1414x1536.png 1414w, https:\/\/apiaforautism.org\/wp-content\/uploads\/2024\/11\/APIA_BLEU_ILLU_01_RVB-1885x2048.png 1885w\" sizes=\"auto, (max-width: 54px) 100vw, 54px\" \/><\/p>\n    <\/div>\n   <\/div>\n  <\/div>\n\n <\/div>\n<\/div>\n\n\n<div id=\"field_pow11236bb2375e4da7\" class=\"container-fluid px-0 flexible_section block_columns\">\n <div id=\"field_pow11236bb2375e4da7_inner\" class=\"container flexible_section_inner\">\n\n  <div class=\"row flexible_section_title_container\"><div class=\"col-12 flexible_section_title_col\"><h2 class=\"flexible_section_title mb-5 text-left  vert1 \">An\u00e1lisis funcional: observaci\u00f3n de las conductas alimentarias de adultos con autismo<\/h2><\/div><\/div>\n   <div class=\"row flexible_section_content\">\n\n   <div class=\"mb-3 mb-sm-0 col-sm-6 colonne colonne1\">\n    <div class=\"colonne_inner  text-left\">\n<h3><span class=\"vert1\"><span>Abril &#8211; agosto 2024<\/span><\/span><span>\u00a0<\/span><\/h3>\n<p>El an\u00e1lisis funcional, desarrollado y realizado por A18onlus en colaboraci\u00f3n con CADIS, observa los comportamientos alimentarios de adultos con autismo antes, durante y despu\u00e9s de las comidas. Este m\u00e9todo permite comprender mejor c\u00f3mo sus percepciones sensoriales y sus trastornos alimentarios influyen en su alimentaci\u00f3n diaria. Los datos se enriquecen con el Perfil Sensorial de Glasgow, que eval\u00faa la sensibilidad de las personas con autismo a diversos est\u00edmulos sensoriales, complementado con informaci\u00f3n sobre la frecuencia de las comidas y el perfil diet\u00e9tico de los individuos observados.<\/p>\n    <\/div>\n   <\/div>\n   <div class=\"col-sm-6 colonne colonne2\">\n    <div class=\"colonne_inner text-right d-flex align-items-center justify-content-end\">\n    <div class=\"colonne_inner_sub \">\n<p><img loading=\"lazy\" decoding=\"async\" class=\"alignnone  wp-image-4024\" src=\"https:\/\/apiaforautism.org\/wp-content\/uploads\/2024\/11\/APIA_BLEU_ILLU_01_RVB-276x300.png\" alt=\"\" width=\"180\" height=\"196\" srcset=\"https:\/\/apiaforautism.org\/wp-content\/uploads\/2024\/11\/APIA_BLEU_ILLU_01_RVB-276x300.png 276w, https:\/\/apiaforautism.org\/wp-content\/uploads\/2024\/11\/APIA_BLEU_ILLU_01_RVB-942x1024.png 942w, https:\/\/apiaforautism.org\/wp-content\/uploads\/2024\/11\/APIA_BLEU_ILLU_01_RVB-768x835.png 768w, https:\/\/apiaforautism.org\/wp-content\/uploads\/2024\/11\/APIA_BLEU_ILLU_01_RVB-1414x1536.png 1414w, https:\/\/apiaforautism.org\/wp-content\/uploads\/2024\/11\/APIA_BLEU_ILLU_01_RVB-1885x2048.png 1885w\" sizes=\"auto, (max-width: 180px) 100vw, 180px\" \/><\/p>\n    <\/div>\n    <\/div>\n   <\/div>\n  <\/div>\n\n <\/div>\n<\/div>\n\n\n<div id=\"field_pow062a29a0b2e7422e\" class=\"container-fluid px-0 flexible_section block_columns\">\n <div id=\"field_pow062a29a0b2e7422e_inner\" class=\"container flexible_section_inner\">\n\n  <div class=\"row flexible_section_title_container\"><div class=\"col-12 flexible_section_title_col\"><h2 class=\"flexible_section_title mb-5 text-left  vert1 \">Encuesta cuantitativa: validaci\u00f3n de las necesidades detectadas a mayor escala<\/h2><\/div><\/div>\n   <div class=\"row flexible_section_content\">\n\n   <div class=\"mb-3 mb-sm-0 col-sm-6 colonne colonne1\">\n    <div class=\"colonne_inner  text-left\">\n<h3><span class=\"vert1\"><span>Finales de mayo &#8211; agosto de 2024<\/span><\/span><\/h3>\n<p>La \u00faltima etapa consiste en una encuesta cuantitativa, distribuida una vez recogidos y analizados los resultados de la encuesta cualitativa, que confirma la informaci\u00f3n y las tendencias identificadas anteriormente en una muestra m\u00e1s amplia. Tambi\u00e9n construida por PLS, esta encuesta tiene como objetivo validar las necesidades prioritarias en t\u00e9rminos de intervenci\u00f3n nutricional y dieta para las personas con autismo, con una comparaci\u00f3n con los resultados del an\u00e1lisis DELPHI.<\/p>\n    <\/div>\n   <\/div>\n   <div class=\"col-sm-6 colonne colonne2\">\n    <div class=\"colonne_inner text-left d-flex align-items-end justify-content-start\">\n    <div class=\"colonne_inner_sub \">\n<p><img loading=\"lazy\" decoding=\"async\" class=\"alignnone  wp-image-4024\" src=\"https:\/\/apiaforautism.org\/wp-content\/uploads\/2024\/11\/APIA_BLEU_ILLU_01_RVB-276x300.png\" alt=\"\" width=\"106\" height=\"115\" srcset=\"https:\/\/apiaforautism.org\/wp-content\/uploads\/2024\/11\/APIA_BLEU_ILLU_01_RVB-276x300.png 276w, https:\/\/apiaforautism.org\/wp-content\/uploads\/2024\/11\/APIA_BLEU_ILLU_01_RVB-942x1024.png 942w, https:\/\/apiaforautism.org\/wp-content\/uploads\/2024\/11\/APIA_BLEU_ILLU_01_RVB-768x835.png 768w, https:\/\/apiaforautism.org\/wp-content\/uploads\/2024\/11\/APIA_BLEU_ILLU_01_RVB-1414x1536.png 1414w, https:\/\/apiaforautism.org\/wp-content\/uploads\/2024\/11\/APIA_BLEU_ILLU_01_RVB-1885x2048.png 1885w\" sizes=\"auto, (max-width: 106px) 100vw, 106px\" \/><\/p>\n    <\/div>\n    <\/div>\n   <\/div>\n  <\/div>\n\n <\/div>\n<\/div>\n\n\n<div id=\"field_pow59ac7bbcbae340d1\" class=\"container-fluid px-0 flexible_section block_columns\">\n <div id=\"field_pow59ac7bbcbae340d1_inner\" class=\"container flexible_section_inner\">\n\n   <div class=\"row flexible_section_content\">\n\n   <div class=\"col-sm-12 colonne colonne1\">\n    <div class=\"colonne_inner  text-left\">\n<p>Esta combinaci\u00f3n de enfoques cualitativos y cuantitativos garantiza que las recomendaciones finales se basen en un conocimiento profundo de las pr\u00e1cticas actuales y en la validaci\u00f3n estad\u00edstica de las necesidades identificadas. Los datos obtenidos servir\u00e1n para ultimar las bases de las gu\u00edas te\u00f3ricas y metodol\u00f3gicas, garantizando que las recomendaciones se ajusten a las expectativas y necesidades de profesionales y cuidadores.<\/p>\n<p>\u00a1S\u00edganos en nuestras redes sociales para enterarse de cu\u00e1ndo se publican los primeros resultados!<\/p>\n<p><strong>Les Insatiables<\/strong><\/p>\n<p><a href=\"https:\/\/lesinsatiables.org\/\"><img loading=\"lazy\" decoding=\"async\" class=\"alignnone wp-image-4064\" src=\"https:\/\/apiaforautism.org\/wp-content\/uploads\/2024\/11\/APIA_icon_blue_RS_2024-site-internet-300x300.png\" alt=\"\" width=\"30\" height=\"30\" srcset=\"https:\/\/apiaforautism.org\/wp-content\/uploads\/2024\/11\/APIA_icon_blue_RS_2024-site-internet-300x300.png 300w, https:\/\/apiaforautism.org\/wp-content\/uploads\/2024\/11\/APIA_icon_blue_RS_2024-site-internet-150x150.png 150w, https:\/\/apiaforautism.org\/wp-content\/uploads\/2024\/11\/APIA_icon_blue_RS_2024-site-internet.png 500w\" sizes=\"auto, (max-width: 30px) 100vw, 30px\" \/><\/a> <a href=\"https:\/\/www.linkedin.com\/company\/lesinsatiables\"><img loading=\"lazy\" decoding=\"async\" class=\"alignnone wp-image-4060\" src=\"https:\/\/apiaforautism.org\/wp-content\/uploads\/2024\/11\/APIA_icon_blue_RS_2024-linkedin-300x300.png\" alt=\"\" width=\"30\" height=\"30\" srcset=\"https:\/\/apiaforautism.org\/wp-content\/uploads\/2024\/11\/APIA_icon_blue_RS_2024-linkedin-300x300.png 300w, https:\/\/apiaforautism.org\/wp-content\/uploads\/2024\/11\/APIA_icon_blue_RS_2024-linkedin-150x150.png 150w, https:\/\/apiaforautism.org\/wp-content\/uploads\/2024\/11\/APIA_icon_blue_RS_2024-linkedin.png 500w\" sizes=\"auto, (max-width: 30px) 100vw, 30px\" \/><\/a> <a href=\"https:\/\/www.instagram.com\/lesinsatiables_asso\"><img loading=\"lazy\" decoding=\"async\" class=\"alignnone wp-image-4056\" src=\"https:\/\/apiaforautism.org\/wp-content\/uploads\/2024\/11\/APIA_icon_blue_RS_2024-instagram-300x300.png\" alt=\"\" width=\"30\" height=\"30\" srcset=\"https:\/\/apiaforautism.org\/wp-content\/uploads\/2024\/11\/APIA_icon_blue_RS_2024-instagram-300x300.png 300w, https:\/\/apiaforautism.org\/wp-content\/uploads\/2024\/11\/APIA_icon_blue_RS_2024-instagram-150x150.png 150w, https:\/\/apiaforautism.org\/wp-content\/uploads\/2024\/11\/APIA_icon_blue_RS_2024-instagram.png 500w\" sizes=\"auto, (max-width: 30px) 100vw, 30px\" \/><\/a> <a href=\"https:\/\/www.facebook.com\/associationlesinsatiables\"><img loading=\"lazy\" decoding=\"async\" class=\"alignnone wp-image-4052\" src=\"https:\/\/apiaforautism.org\/wp-content\/uploads\/2024\/11\/APIA_icon_blue_RS_2024-facebook-300x300.png\" alt=\"\" width=\"30\" height=\"30\" srcset=\"https:\/\/apiaforautism.org\/wp-content\/uploads\/2024\/11\/APIA_icon_blue_RS_2024-facebook-300x300.png 300w, https:\/\/apiaforautism.org\/wp-content\/uploads\/2024\/11\/APIA_icon_blue_RS_2024-facebook-150x150.png 150w, https:\/\/apiaforautism.org\/wp-content\/uploads\/2024\/11\/APIA_icon_blue_RS_2024-facebook.png 500w\" sizes=\"auto, (max-width: 30px) 100vw, 30px\" \/><\/a> <a href=\"https:\/\/www.youtube.com\/@lesinsatiables_asso\"><img loading=\"lazy\" decoding=\"async\" class=\"alignnone wp-image-4068\" src=\"https:\/\/apiaforautism.org\/wp-content\/uploads\/2024\/11\/APIA_icon_blue_RS_2024-youtube-300x300.png\" alt=\"\" width=\"30\" height=\"30\" srcset=\"https:\/\/apiaforautism.org\/wp-content\/uploads\/2024\/11\/APIA_icon_blue_RS_2024-youtube-300x300.png 300w, https:\/\/apiaforautism.org\/wp-content\/uploads\/2024\/11\/APIA_icon_blue_RS_2024-youtube-150x150.png 150w, https:\/\/apiaforautism.org\/wp-content\/uploads\/2024\/11\/APIA_icon_blue_RS_2024-youtube.png 500w\" sizes=\"auto, (max-width: 30px) 100vw, 30px\" \/><\/a><\/p>\n<p><strong>PLS &#8211; Pour la Solidarit\u00e9<\/strong><\/p>\n<p><a href=\"https:\/\/pourlasolidarite.eu\/fr\"><img loading=\"lazy\" decoding=\"async\" class=\"alignnone wp-image-4064\" src=\"https:\/\/apiaforautism.org\/wp-content\/uploads\/2024\/11\/APIA_icon_blue_RS_2024-site-internet-300x300.png\" alt=\"\" width=\"30\" height=\"30\" srcset=\"https:\/\/apiaforautism.org\/wp-content\/uploads\/2024\/11\/APIA_icon_blue_RS_2024-site-internet-300x300.png 300w, https:\/\/apiaforautism.org\/wp-content\/uploads\/2024\/11\/APIA_icon_blue_RS_2024-site-internet-150x150.png 150w, https:\/\/apiaforautism.org\/wp-content\/uploads\/2024\/11\/APIA_icon_blue_RS_2024-site-internet.png 500w\" sizes=\"auto, (max-width: 30px) 100vw, 30px\" \/><\/a> <a href=\"https:\/\/www.linkedin.com\/company\/pourlasolidarite\"><img loading=\"lazy\" decoding=\"async\" class=\"alignnone wp-image-4060\" src=\"https:\/\/apiaforautism.org\/wp-content\/uploads\/2024\/11\/APIA_icon_blue_RS_2024-linkedin-300x300.png\" alt=\"\" width=\"30\" height=\"30\" srcset=\"https:\/\/apiaforautism.org\/wp-content\/uploads\/2024\/11\/APIA_icon_blue_RS_2024-linkedin-300x300.png 300w, https:\/\/apiaforautism.org\/wp-content\/uploads\/2024\/11\/APIA_icon_blue_RS_2024-linkedin-150x150.png 150w, https:\/\/apiaforautism.org\/wp-content\/uploads\/2024\/11\/APIA_icon_blue_RS_2024-linkedin.png 500w\" sizes=\"auto, (max-width: 30px) 100vw, 30px\" \/><\/a> <a href=\"https:\/\/www.instagram.com\/pls_news\/\"><img loading=\"lazy\" decoding=\"async\" class=\"alignnone wp-image-4056\" src=\"https:\/\/apiaforautism.org\/wp-content\/uploads\/2024\/11\/APIA_icon_blue_RS_2024-instagram-300x300.png\" alt=\"\" width=\"30\" height=\"30\" srcset=\"https:\/\/apiaforautism.org\/wp-content\/uploads\/2024\/11\/APIA_icon_blue_RS_2024-instagram-300x300.png 300w, https:\/\/apiaforautism.org\/wp-content\/uploads\/2024\/11\/APIA_icon_blue_RS_2024-instagram-150x150.png 150w, https:\/\/apiaforautism.org\/wp-content\/uploads\/2024\/11\/APIA_icon_blue_RS_2024-instagram.png 500w\" sizes=\"auto, (max-width: 30px) 100vw, 30px\" \/><\/a> <a href=\"https:\/\/www.facebook.com\/PLSOLIDARITE\/\"><img loading=\"lazy\" decoding=\"async\" class=\"alignnone wp-image-4052\" src=\"https:\/\/apiaforautism.org\/wp-content\/uploads\/2024\/11\/APIA_icon_blue_RS_2024-facebook-300x300.png\" alt=\"\" width=\"30\" height=\"30\" srcset=\"https:\/\/apiaforautism.org\/wp-content\/uploads\/2024\/11\/APIA_icon_blue_RS_2024-facebook-300x300.png 300w, https:\/\/apiaforautism.org\/wp-content\/uploads\/2024\/11\/APIA_icon_blue_RS_2024-facebook-150x150.png 150w, https:\/\/apiaforautism.org\/wp-content\/uploads\/2024\/11\/APIA_icon_blue_RS_2024-facebook.png 500w\" sizes=\"auto, (max-width: 30px) 100vw, 30px\" \/><\/a> <a href=\"https:\/\/x.com\/PLS_News\"><img loading=\"lazy\" decoding=\"async\" class=\"alignnone wp-image-4075\" src=\"https:\/\/apiaforautism.org\/wp-content\/uploads\/2024\/11\/APIA_icon_blue_RS_2024-X-300x300.png\" alt=\"\" width=\"30\" height=\"30\" srcset=\"https:\/\/apiaforautism.org\/wp-content\/uploads\/2024\/11\/APIA_icon_blue_RS_2024-X-300x300.png 300w, https:\/\/apiaforautism.org\/wp-content\/uploads\/2024\/11\/APIA_icon_blue_RS_2024-X-150x150.png 150w, https:\/\/apiaforautism.org\/wp-content\/uploads\/2024\/11\/APIA_icon_blue_RS_2024-X.png 500w\" sizes=\"auto, (max-width: 30px) 100vw, 30px\" \/><\/a><\/p>\n    <\/div>\n   <\/div>\n  <\/div>\n\n <\/div>\n<\/div>\n\n\n<div id=\"field_powc4163c57c14649d0\" class=\"container-fluid px-0 flexible_section block_columns\">\n <div id=\"field_powc4163c57c14649d0_inner\" class=\"container flexible_section_inner\">\n\n   <div class=\"row flexible_section_content\">\n\n   <div class=\"col-sm-12 colonne colonne1\">\n    <div class=\"colonne_inner  text-left\">\n    <\/div>\n   <\/div>\n  <\/div>\n\n <\/div>\n<\/div>\n\n\n<div id=\"field_pow7d48ee539c1149d5\" class=\"container-fluid px-0 flexible_section block_categorygrid\">\n <div id=\"field_pow7d48ee539c1149d5_inner\" class=\"container flexible_section_inner\">\n\n  <div class=\"row flexible_section_title_container\"><div class=\"col-12 flexible_section_title_col\"><h2 class=\"flexible_section_title mb-5 text-center  vert1 \">M\u00e1s noticias<\/h2><\/div><\/div>\n<div class=\"container-fluid px-0\" id=\"grid_pow7d48ee539c1149d5_outer\">\n<div class=\"container px-0\">\n  <div class=\"row row-cols-1 row-cols-md-2 row-cols-lg-2 flexible_section_content\" id=\"grid_pow7d48ee539c1149d5\">\n   <div class=\"col-sm-12 col-md-6 col-lg-6  item mb-3 elem-1\">\n<div class=\"item_content linkable row mb-3\" data-dest=\"https:\/\/apiaforautism.org\/es\/nuestros-socios\/\">\r\n<div class=\"col-6\">\r\n<p class=\"vert1\">7 octubre 2024<\/p>\r\n<h3 class=\"h4 vert1\">Nuestros socios<\/h3>\r\n<div class=\"item_more mt-3\"><a href=\"https:\/\/apiaforautism.org\/es\/nuestros-socios\/\" class=\"button_orange\">Lire la suite<\/a><\/div>\r\n<\/div>\r\n<div class=\"col-6\"><img decoding=\"async\" src=\"https:\/\/apiaforautism.org\/wp-content\/uploads\/2024\/11\/23-aspect-ratio-2-3.png\" alt=\"Nuestros socios\" class=\"roundedborder\" \/><\/div>\r\n<\/div>\r\n   <\/div>\n  <\/div>\n<\/div>\n<\/div>\n <\/div>\n<\/div>\n","protected":false},"excerpt":{"rendered":"","protected":false},"author":3,"featured_media":0,"comment_status":"closed","ping_status":"closed","sticky":false,"template":"","format":"standard","meta":{"_acf_changed":false,"inline_featured_image":false,"footnotes":""},"categories":[20],"tags":[],"class_list":["post-4074","post","type-post","status-publish","format-standard","hentry","category-noticias"],"acf":[],"yoast_head":"<!-- This site is optimized with the Yoast SEO plugin v25.0 - https:\/\/yoast.com\/wordpress\/plugins\/seo\/ -->\n<title>Primer a\u00f1o de trabajo del proyecto europeo \u201cAPIA. Alimentaci\u00f3n y autismo\u201d - Apia for autism<\/title>\n<meta name=\"robots\" content=\"index, follow, max-snippet:-1, max-image-preview:large, max-video-preview:-1\" \/>\n<link rel=\"canonical\" href=\"https:\/\/apiaforautism.org\/es\/primer-ano-de-trabajo-del-proyecto-europeo-apia-alimentacion-y-autismo\/\" \/>\n<meta property=\"og:locale\" content=\"es_ES\" \/>\n<meta property=\"og:type\" content=\"article\" \/>\n<meta property=\"og:title\" content=\"Primer a\u00f1o de trabajo del proyecto europeo \u201cAPIA. Alimentaci\u00f3n y autismo\u201d - Apia for autism\" \/>\n<meta property=\"og:url\" content=\"https:\/\/apiaforautism.org\/es\/primer-ano-de-trabajo-del-proyecto-europeo-apia-alimentacion-y-autismo\/\" \/>\n<meta property=\"og:site_name\" content=\"Apia for autism\" \/>\n<meta property=\"article:published_time\" content=\"2024-11-14T14:39:21+00:00\" \/>\n<meta property=\"article:modified_time\" content=\"2024-11-18T09:04:47+00:00\" \/>\n<meta name=\"author\" content=\"claire.lagrange@groupe-sos.org\" \/>\n<meta name=\"twitter:card\" content=\"summary_large_image\" \/>\n<meta name=\"twitter:label1\" content=\"Escrito por\" \/>\n\t<meta name=\"twitter:data1\" content=\"claire.lagrange@groupe-sos.org\" \/>\n\t<meta name=\"twitter:label2\" content=\"Tiempo de lectura\" \/>\n\t<meta name=\"twitter:data2\" content=\"9 minutos\" \/>\n<script type=\"application\/ld+json\" class=\"yoast-schema-graph\">{\"@context\":\"https:\/\/schema.org\",\"@graph\":[{\"@type\":\"Article\",\"@id\":\"https:\/\/apiaforautism.org\/es\/primer-ano-de-trabajo-del-proyecto-europeo-apia-alimentacion-y-autismo\/#article\",\"isPartOf\":{\"@id\":\"https:\/\/apiaforautism.org\/es\/primer-ano-de-trabajo-del-proyecto-europeo-apia-alimentacion-y-autismo\/\"},\"author\":{\"name\":\"claire.lagrange@groupe-sos.org\",\"@id\":\"https:\/\/apiaforautism.org\/es\/#\/schema\/person\/5c1e60ca47f9f9747fb57f114ecf8371\"},\"headline\":\"Primer a\u00f1o de trabajo del proyecto europeo \u201cAPIA. Alimentaci\u00f3n y autismo\u201d\",\"datePublished\":\"2024-11-14T14:39:21+00:00\",\"dateModified\":\"2024-11-18T09:04:47+00:00\",\"mainEntityOfPage\":{\"@id\":\"https:\/\/apiaforautism.org\/es\/primer-ano-de-trabajo-del-proyecto-europeo-apia-alimentacion-y-autismo\/\"},\"wordCount\":13,\"publisher\":{\"@id\":\"https:\/\/apiaforautism.org\/es\/#organization\"},\"articleSection\":[\"Noticias\"],\"inLanguage\":\"es\"},{\"@type\":\"WebPage\",\"@id\":\"https:\/\/apiaforautism.org\/es\/primer-ano-de-trabajo-del-proyecto-europeo-apia-alimentacion-y-autismo\/\",\"url\":\"https:\/\/apiaforautism.org\/es\/primer-ano-de-trabajo-del-proyecto-europeo-apia-alimentacion-y-autismo\/\",\"name\":\"Primer a\u00f1o de trabajo del proyecto europeo \u201cAPIA. Alimentaci\u00f3n y autismo\u201d - Apia for autism\",\"isPartOf\":{\"@id\":\"https:\/\/apiaforautism.org\/es\/#website\"},\"datePublished\":\"2024-11-14T14:39:21+00:00\",\"dateModified\":\"2024-11-18T09:04:47+00:00\",\"breadcrumb\":{\"@id\":\"https:\/\/apiaforautism.org\/es\/primer-ano-de-trabajo-del-proyecto-europeo-apia-alimentacion-y-autismo\/#breadcrumb\"},\"inLanguage\":\"es\",\"potentialAction\":[{\"@type\":\"ReadAction\",\"target\":[\"https:\/\/apiaforautism.org\/es\/primer-ano-de-trabajo-del-proyecto-europeo-apia-alimentacion-y-autismo\/\"]}]},{\"@type\":\"BreadcrumbList\",\"@id\":\"https:\/\/apiaforautism.org\/es\/primer-ano-de-trabajo-del-proyecto-europeo-apia-alimentacion-y-autismo\/#breadcrumb\",\"itemListElement\":[{\"@type\":\"ListItem\",\"position\":1,\"name\":\"Accueil\",\"item\":\"https:\/\/apiaforautism.org\/es\/\"},{\"@type\":\"ListItem\",\"position\":2,\"name\":\"Primer a\u00f1o de trabajo del proyecto europeo \u201cAPIA. Alimentaci\u00f3n y autismo\u201d\"}]},{\"@type\":\"WebSite\",\"@id\":\"https:\/\/apiaforautism.org\/es\/#website\",\"url\":\"https:\/\/apiaforautism.org\/es\/\",\"name\":\"Apia for autism\",\"description\":\"\",\"publisher\":{\"@id\":\"https:\/\/apiaforautism.org\/es\/#organization\"},\"potentialAction\":[{\"@type\":\"SearchAction\",\"target\":{\"@type\":\"EntryPoint\",\"urlTemplate\":\"https:\/\/apiaforautism.org\/es\/?s={search_term_string}\"},\"query-input\":{\"@type\":\"PropertyValueSpecification\",\"valueRequired\":true,\"valueName\":\"search_term_string\"}}],\"inLanguage\":\"es\"},{\"@type\":\"Organization\",\"@id\":\"https:\/\/apiaforautism.org\/es\/#organization\",\"name\":\"Apia for autism\",\"url\":\"https:\/\/apiaforautism.org\/es\/\",\"logo\":{\"@type\":\"ImageObject\",\"inLanguage\":\"es\",\"@id\":\"https:\/\/apiaforautism.org\/es\/#\/schema\/logo\/image\/\",\"url\":\"https:\/\/apiaforautism.org\/wp-content\/uploads\/2024\/10\/logo-apia.png\",\"contentUrl\":\"https:\/\/apiaforautism.org\/wp-content\/uploads\/2024\/10\/logo-apia.png\",\"width\":218,\"height\":58,\"caption\":\"Apia for autism\"},\"image\":{\"@id\":\"https:\/\/apiaforautism.org\/es\/#\/schema\/logo\/image\/\"}},{\"@type\":\"Person\",\"@id\":\"https:\/\/apiaforautism.org\/es\/#\/schema\/person\/5c1e60ca47f9f9747fb57f114ecf8371\",\"name\":\"claire.lagrange@groupe-sos.org\",\"image\":{\"@type\":\"ImageObject\",\"inLanguage\":\"es\",\"@id\":\"https:\/\/apiaforautism.org\/es\/#\/schema\/person\/image\/\",\"url\":\"https:\/\/secure.gravatar.com\/avatar\/2a3764f4ecf12a3ac03b6f0b12a16240ebcb4193b1c9f57b6d1bd485afc5d487?s=96&d=mm&r=g\",\"contentUrl\":\"https:\/\/secure.gravatar.com\/avatar\/2a3764f4ecf12a3ac03b6f0b12a16240ebcb4193b1c9f57b6d1bd485afc5d487?s=96&d=mm&r=g\",\"caption\":\"claire.lagrange@groupe-sos.org\"},\"url\":\"https:\/\/apiaforautism.org\/es\/author\/claire-lagrangegroupe-sos-org\/\"}]}<\/script>\n<!-- \/ Yoast SEO plugin. -->","yoast_head_json":{"title":"Primer a\u00f1o de trabajo del proyecto europeo \u201cAPIA. Alimentaci\u00f3n y autismo\u201d - Apia for autism","robots":{"index":"index","follow":"follow","max-snippet":"max-snippet:-1","max-image-preview":"max-image-preview:large","max-video-preview":"max-video-preview:-1"},"canonical":"https:\/\/apiaforautism.org\/es\/primer-ano-de-trabajo-del-proyecto-europeo-apia-alimentacion-y-autismo\/","og_locale":"es_ES","og_type":"article","og_title":"Primer a\u00f1o de trabajo del proyecto europeo \u201cAPIA. Alimentaci\u00f3n y autismo\u201d - Apia for autism","og_url":"https:\/\/apiaforautism.org\/es\/primer-ano-de-trabajo-del-proyecto-europeo-apia-alimentacion-y-autismo\/","og_site_name":"Apia for autism","article_published_time":"2024-11-14T14:39:21+00:00","article_modified_time":"2024-11-18T09:04:47+00:00","author":"claire.lagrange@groupe-sos.org","twitter_card":"summary_large_image","twitter_misc":{"Escrito por":"claire.lagrange@groupe-sos.org","Tiempo de lectura":"9 minutos"},"schema":{"@context":"https:\/\/schema.org","@graph":[{"@type":"Article","@id":"https:\/\/apiaforautism.org\/es\/primer-ano-de-trabajo-del-proyecto-europeo-apia-alimentacion-y-autismo\/#article","isPartOf":{"@id":"https:\/\/apiaforautism.org\/es\/primer-ano-de-trabajo-del-proyecto-europeo-apia-alimentacion-y-autismo\/"},"author":{"name":"claire.lagrange@groupe-sos.org","@id":"https:\/\/apiaforautism.org\/es\/#\/schema\/person\/5c1e60ca47f9f9747fb57f114ecf8371"},"headline":"Primer a\u00f1o de trabajo del proyecto europeo \u201cAPIA. Alimentaci\u00f3n y autismo\u201d","datePublished":"2024-11-14T14:39:21+00:00","dateModified":"2024-11-18T09:04:47+00:00","mainEntityOfPage":{"@id":"https:\/\/apiaforautism.org\/es\/primer-ano-de-trabajo-del-proyecto-europeo-apia-alimentacion-y-autismo\/"},"wordCount":13,"publisher":{"@id":"https:\/\/apiaforautism.org\/es\/#organization"},"articleSection":["Noticias"],"inLanguage":"es"},{"@type":"WebPage","@id":"https:\/\/apiaforautism.org\/es\/primer-ano-de-trabajo-del-proyecto-europeo-apia-alimentacion-y-autismo\/","url":"https:\/\/apiaforautism.org\/es\/primer-ano-de-trabajo-del-proyecto-europeo-apia-alimentacion-y-autismo\/","name":"Primer a\u00f1o de trabajo del proyecto europeo \u201cAPIA. Alimentaci\u00f3n y autismo\u201d - Apia for autism","isPartOf":{"@id":"https:\/\/apiaforautism.org\/es\/#website"},"datePublished":"2024-11-14T14:39:21+00:00","dateModified":"2024-11-18T09:04:47+00:00","breadcrumb":{"@id":"https:\/\/apiaforautism.org\/es\/primer-ano-de-trabajo-del-proyecto-europeo-apia-alimentacion-y-autismo\/#breadcrumb"},"inLanguage":"es","potentialAction":[{"@type":"ReadAction","target":["https:\/\/apiaforautism.org\/es\/primer-ano-de-trabajo-del-proyecto-europeo-apia-alimentacion-y-autismo\/"]}]},{"@type":"BreadcrumbList","@id":"https:\/\/apiaforautism.org\/es\/primer-ano-de-trabajo-del-proyecto-europeo-apia-alimentacion-y-autismo\/#breadcrumb","itemListElement":[{"@type":"ListItem","position":1,"name":"Accueil","item":"https:\/\/apiaforautism.org\/es\/"},{"@type":"ListItem","position":2,"name":"Primer a\u00f1o de trabajo del proyecto europeo \u201cAPIA. Alimentaci\u00f3n y autismo\u201d"}]},{"@type":"WebSite","@id":"https:\/\/apiaforautism.org\/es\/#website","url":"https:\/\/apiaforautism.org\/es\/","name":"Apia for autism","description":"","publisher":{"@id":"https:\/\/apiaforautism.org\/es\/#organization"},"potentialAction":[{"@type":"SearchAction","target":{"@type":"EntryPoint","urlTemplate":"https:\/\/apiaforautism.org\/es\/?s={search_term_string}"},"query-input":{"@type":"PropertyValueSpecification","valueRequired":true,"valueName":"search_term_string"}}],"inLanguage":"es"},{"@type":"Organization","@id":"https:\/\/apiaforautism.org\/es\/#organization","name":"Apia for autism","url":"https:\/\/apiaforautism.org\/es\/","logo":{"@type":"ImageObject","inLanguage":"es","@id":"https:\/\/apiaforautism.org\/es\/#\/schema\/logo\/image\/","url":"https:\/\/apiaforautism.org\/wp-content\/uploads\/2024\/10\/logo-apia.png","contentUrl":"https:\/\/apiaforautism.org\/wp-content\/uploads\/2024\/10\/logo-apia.png","width":218,"height":58,"caption":"Apia for autism"},"image":{"@id":"https:\/\/apiaforautism.org\/es\/#\/schema\/logo\/image\/"}},{"@type":"Person","@id":"https:\/\/apiaforautism.org\/es\/#\/schema\/person\/5c1e60ca47f9f9747fb57f114ecf8371","name":"claire.lagrange@groupe-sos.org","image":{"@type":"ImageObject","inLanguage":"es","@id":"https:\/\/apiaforautism.org\/es\/#\/schema\/person\/image\/","url":"https:\/\/secure.gravatar.com\/avatar\/2a3764f4ecf12a3ac03b6f0b12a16240ebcb4193b1c9f57b6d1bd485afc5d487?s=96&d=mm&r=g","contentUrl":"https:\/\/secure.gravatar.com\/avatar\/2a3764f4ecf12a3ac03b6f0b12a16240ebcb4193b1c9f57b6d1bd485afc5d487?s=96&d=mm&r=g","caption":"claire.lagrange@groupe-sos.org"},"url":"https:\/\/apiaforautism.org\/es\/author\/claire-lagrangegroupe-sos-org\/"}]}},"_links":{"self":[{"href":"https:\/\/apiaforautism.org\/es\/wp-json\/wp\/v2\/posts\/4074","targetHints":{"allow":["GET"]}}],"collection":[{"href":"https:\/\/apiaforautism.org\/es\/wp-json\/wp\/v2\/posts"}],"about":[{"href":"https:\/\/apiaforautism.org\/es\/wp-json\/wp\/v2\/types\/post"}],"author":[{"embeddable":true,"href":"https:\/\/apiaforautism.org\/es\/wp-json\/wp\/v2\/users\/3"}],"replies":[{"embeddable":true,"href":"https:\/\/apiaforautism.org\/es\/wp-json\/wp\/v2\/comments?post=4074"}],"version-history":[{"count":12,"href":"https:\/\/apiaforautism.org\/es\/wp-json\/wp\/v2\/posts\/4074\/revisions"}],"predecessor-version":[{"id":4216,"href":"https:\/\/apiaforautism.org\/es\/wp-json\/wp\/v2\/posts\/4074\/revisions\/4216"}],"wp:attachment":[{"href":"https:\/\/apiaforautism.org\/es\/wp-json\/wp\/v2\/media?parent=4074"}],"wp:term":[{"taxonomy":"category","embeddable":true,"href":"https:\/\/apiaforautism.org\/es\/wp-json\/wp\/v2\/categories?post=4074"},{"taxonomy":"post_tag","embeddable":true,"href":"https:\/\/apiaforautism.org\/es\/wp-json\/wp\/v2\/tags?post=4074"}],"curies":[{"name":"wp","href":"https:\/\/api.w.org\/{rel}","templated":true}]}}